{"id":6756,"date":"2024-01-25T16:11:12","date_gmt":"2024-01-25T14:11:12","guid":{"rendered":"https:\/\/clorian.com\/?p=6756"},"modified":"2024-02-12T15:06:23","modified_gmt":"2024-02-12T13:06:23","slug":"entrevista-francesc-cano-tribuna-andalucia-clorian","status":"publish","type":"post","link":"https:\/\/clorian.com\/ca\/entrevista-francesc-cano-tribuna-andalucia-clorian\/","title":{"rendered":"Francesc Cano a Tribuna Andaluc\u00eda: Per Clorian ha estat un 2023 espectacular, hem venut m\u00e9s de 28 milions d&#8217;entrades&#8221;"},"content":{"rendered":"\n<p><a rel=\"noreferrer noopener\" href=\"https:\/\/www.tribunadeandalucia.es\/\" data-type=\"link\" data-id=\"https:\/\/www.tribunadeandalucia.es\/\" target=\"_blank\"><strong>Tribuna Andaluc\u00eda<\/strong>,<\/a> una de les revistes de refer\u00e8ncia en el sector econ\u00f2mic i empresarial d&#8217;Andalusia ha publicat una entrevista al nostre CEO,<strong> Francesc Cano<\/strong>, en el marc de FITUR, la Fira Internacional de Turisme, que es se celebra a Madrid durant el 24 i 28 de gener.<\/p>\n\n\n\n<blockquote class=\"wp-block-quote is-layout-flow wp-block-quote-is-layout-flow\">\n<p><\/p>\n<cite>Francesc Cano: &#8220;Ha estat un any on hem continuat refor\u00e7ant el nostre lideratge al m\u00f3n del ticketing, orientat al turisme&#8221;<\/cite><\/blockquote>\n\n\n\n<div class=\"wp-block-group is-vertical is-layout-flex wp-container-core-group-is-layout-8cf370e7 wp-block-group-is-layout-flex\">\n<p>En l&#8217;entrevista de Francesc Cano a Tribuna Andalucia, ha fet balan\u00e7 de l&#8217;apassionant 2023 que ha viscut Clorian: &#8220;Ha estat un any on hem continuat refor\u00e7ant el nostre lideratge en el m\u00f3n del ticketing, orientat al turisme&#8221;. En aquest sentit, el CEO de <a data-type=\"link\" data-id=\"clorian.com\" href=\"http:\/\/clorian.com\" target=\"_blank\" rel=\"noreferrer noopener\">Clorian<\/a> tamb\u00e9 ha destacat que 2023 &#8220;ha estat l&#8217;inici del proc\u00e9s d<strong>&#8216;internacionalitzaci\u00f3 de Clorian, <\/strong>amb projectes oberts a <strong>M\u00e8xic, Fran\u00e7a, It\u00e0lia i Portugal&#8221;.<\/strong><\/p>\n\n\n\n<blockquote class=\"wp-block-quote is-layout-flow wp-block-quote-is-layout-flow\">\n<p><\/p>\n<cite>Francesc Cano: &#8220;Aquest 2023 ha estat l&#8217;any de la internacionalitzaci\u00f3 de Clorian&#8221;<\/cite><\/blockquote>\n<\/div>\n\n\n\n<div style=\"height:61px\" aria-hidden=\"true\" class=\"wp-block-spacer\"><\/div>\n\n\n<div class=\"wp-block-image\">\n<figure class=\"alignright size-large is-resized\"><img loading=\"lazy\" decoding=\"async\" width=\"683\" height=\"1024\" src=\"https:\/\/clorian.com\/wp-content\/uploads\/2024\/01\/F8B8D3B8-1F81-4259-B398-B98469F96F94-2-683x1024.jpeg\" alt=\"\" class=\"wp-image-6723\" style=\"aspect-ratio:0.6666666666666666;width:245px;height:auto\" srcset=\"https:\/\/clorian.com\/wp-content\/uploads\/2024\/01\/F8B8D3B8-1F81-4259-B398-B98469F96F94-2-683x1024.jpeg 683w, https:\/\/clorian.com\/wp-content\/uploads\/2024\/01\/F8B8D3B8-1F81-4259-B398-B98469F96F94-2-200x300.jpeg 200w, https:\/\/clorian.com\/wp-content\/uploads\/2024\/01\/F8B8D3B8-1F81-4259-B398-B98469F96F94-2-768x1152.jpeg 768w, https:\/\/clorian.com\/wp-content\/uploads\/2024\/01\/F8B8D3B8-1F81-4259-B398-B98469F96F94-2-1024x1536.jpeg 1024w, https:\/\/clorian.com\/wp-content\/uploads\/2024\/01\/F8B8D3B8-1F81-4259-B398-B98469F96F94-2-1365x2048.jpeg 1365w, https:\/\/clorian.com\/wp-content\/uploads\/2024\/01\/F8B8D3B8-1F81-4259-B398-B98469F96F94-2-scaled.jpeg 1707w\" sizes=\"auto, (max-width: 683px) 100vw, 683px\" \/><figcaption class=\"wp-element-caption\">Francesc Cano, CEO de Clorian<\/figcaption><\/figure><\/div>\n\n\n<p>A m\u00e9s d&#8217;aix\u00f2, Francesc tamb\u00e9 ha fet balan\u00e7 de les xifres que ha presentat Clorian aquest 2023. &#8220;Hem crescut volum de negoci en <strong>137 milions d&#8217;euros<\/strong>, que representa un creixement del 55% respecte a l&#8217;any anterior&#8221;. Unes altres de les xifres fa refer\u00e8ncia a l&#8217;increment del 40% en entrades venudes, assolint la xifra de <strong>28 milions de tiquets venuts.<\/strong><\/p>\n\n\n\n<p>Pots llegir l&#8217;entrevista completa de Francesc Cano a Tribuna Andalucia mitjan\u00e7ant aquest <a data-type=\"link\" data-id=\"https:\/\/clorian.com\/wp-content\/uploads\/2024\/01\/ENTREVISTA%20FRANCESC_19.01.24_TRIBUNA%20ANDALUC%C3%8DA.pdf\" href=\"https:\/\/clorian.com\/wp-content\/uploads\/2024\/01\/ENTREVISTA%20FRANCESC_19.01.24_TRIBUNA%20ANDALUC%C3%8DA.pdf\" target=\"_blank\" rel=\"noreferrer noopener\"><strong>enlla\u00e7<\/strong><\/a>. <\/p>\n\n\n\n<p>Si vols veure el n\u00famero de Tribuna Andalusia, consulta el PDF complet <a rel=\"noreferrer noopener\" href=\"https:\/\/clorian.com\/wp-content\/uploads\/2024\/01\/19.01.24_TRIBUNA%20ANDALUC%C3%8DA_COM.pdf\" data-type=\"link\" data-id=\"https:\/\/clorian.com\/wp-content\/uploads\/2024\/01\/19.01.24_TRIBUNA%20ANDALUC%C3%8DA_COM.pdf\" target=\"_blank\"><strong>aqu\u00ed<\/strong><\/a>. <\/p>\n\n\n\n<p><\/p>\n","protected":false},"excerpt":{"rendered":"<p>Tribuna Andaluc\u00eda, una de les revistes de refer\u00e8ncia en el sector econ\u00f2mic i empresarial d&#8217;Andalusia ha publicat una entrevista al nostre CEO, Francesc Cano, en el marc de FITUR, la Fira Internacional de Turisme, que es se celebra a Madrid durant el 24 i 28&#8230;<\/p>\n","protected":false},"author":1,"featured_media":6746,"comment_status":"closed","ping_status":"closed","sticky":false,"template":"","format":"standard","meta":{"footnotes":""},"categories":[10,201],"tags":[213,214,215,216,217],"class_list":["post-6756","post","type-post","status-publish","format-standard","has-post-thumbnail","hentry","category-novetats-clorian","category-premsa","tag-clorian-ca","tag-entradas-ca","tag-prensa-ca","tag-ticketing-ca","tag-tourism-ca"],"_links":{"self":[{"href":"https:\/\/clorian.com\/ca\/wp-json\/wp\/v2\/posts\/6756","targetHints":{"allow":["GET"]}}],"collection":[{"href":"https:\/\/clorian.com\/ca\/wp-json\/wp\/v2\/posts"}],"about":[{"href":"https:\/\/clorian.com\/ca\/wp-json\/wp\/v2\/types\/post"}],"author":[{"embeddable":true,"href":"https:\/\/clorian.com\/ca\/wp-json\/wp\/v2\/users\/1"}],"replies":[{"embeddable":true,"href":"https:\/\/clorian.com\/ca\/wp-json\/wp\/v2\/comments?post=6756"}],"version-history":[{"count":9,"href":"https:\/\/clorian.com\/ca\/wp-json\/wp\/v2\/posts\/6756\/revisions"}],"predecessor-version":[{"id":7111,"href":"https:\/\/clorian.com\/ca\/wp-json\/wp\/v2\/posts\/6756\/revisions\/7111"}],"wp:featuredmedia":[{"embeddable":true,"href":"https:\/\/clorian.com\/ca\/wp-json\/wp\/v2\/media\/6746"}],"wp:attachment":[{"href":"https:\/\/clorian.com\/ca\/wp-json\/wp\/v2\/media?parent=6756"}],"wp:term":[{"taxonomy":"category","embeddable":true,"href":"https:\/\/clorian.com\/ca\/wp-json\/wp\/v2\/categories?post=6756"},{"taxonomy":"post_tag","embeddable":true,"href":"https:\/\/clorian.com\/ca\/wp-json\/wp\/v2\/tags?post=6756"}],"curies":[{"name":"wp","href":"https:\/\/api.w.org\/{rel}","templated":true}]}}