{"id":6849,"date":"2024-01-31T18:18:06","date_gmt":"2024-01-31T16:18:06","guid":{"rendered":"https:\/\/clorian.com\/clorian-cierra-con-exito-una-nueva-edicion-de-fitur\/"},"modified":"2024-01-31T18:24:52","modified_gmt":"2024-01-31T16:24:52","slug":"clorian-cierra-con-exito-una-nueva-edicion-de-fitur","status":"publish","type":"post","link":"https:\/\/clorian.com\/ca\/clorian-cierra-con-exito-una-nueva-edicion-de-fitur\/","title":{"rendered":"Clorian tanca amb \u00e8xit una nova edici\u00f3 de FITUR"},"content":{"rendered":"\n<p>Clorian va tancar, un any m\u00e9s, la seva participaci\u00f3 a la Fira Internacional de Turisme (FITUR) que es va celebrar entre els dies 24 y 28 de gener al recinte firal d&#8217;IFEMA a Madrid. Com en edicions anterior, Clorian va estar present amb un stand a l&#8217;\u00e0rea especialitzada &#8216;FITUR Know How&amp;Export&#8217;, lloc on es troben les empreses tur\u00edstiques d&#8217;Espanya. <\/p>\n\n\n\n<p>En l&#8217;edici\u00f3 de FITUR d&#8217;enguany, l&#8217;enfocament va ser l&#8217;impuls del turisme sostenible.\u00a0Clorian\u00a0va destacar amb un estand centrat en la consultoria i transformaci\u00f3 tecnol\u00f2gica i digital en l&#8217;\u00e0mbit del\u00a0ticketing, mantenint la sostenibilitat com el seu principal objectiu. Durant els tres dies de la fira professional,\u00a0Clorian\u00a0va rebre la visita d&#8217;ag\u00e8ncies internacionals, empreses, promotors d&#8217;esdeveniments i institucions tur\u00edstiques, entre moltes altres.<\/p>\n\n\n\n<figure class=\"wp-block-gallery has-nested-images columns-default is-cropped wp-block-gallery-1 is-layout-flex wp-block-gallery-is-layout-flex\">\n<figure class=\"wp-block-image size-large\"><img loading=\"lazy\" decoding=\"async\" width=\"576\" height=\"1024\" data-id=\"6825\" src=\"https:\/\/clorian.com\/wp-content\/uploads\/2024\/01\/Image_20240125_194415_273-576x1024.jpeg\" alt=\"\" class=\"wp-image-6825\" srcset=\"https:\/\/clorian.com\/wp-content\/uploads\/2024\/01\/Image_20240125_194415_273-576x1024.jpeg 576w, https:\/\/clorian.com\/wp-content\/uploads\/2024\/01\/Image_20240125_194415_273-169x300.jpeg 169w, https:\/\/clorian.com\/wp-content\/uploads\/2024\/01\/Image_20240125_194415_273-768x1365.jpeg 768w, https:\/\/clorian.com\/wp-content\/uploads\/2024\/01\/Image_20240125_194415_273-864x1536.jpeg 864w, https:\/\/clorian.com\/wp-content\/uploads\/2024\/01\/Image_20240125_194415_273.jpeg 900w\" sizes=\"auto, (max-width: 576px) 100vw, 576px\" \/><\/figure>\n\n\n\n<figure class=\"wp-block-image size-large\"><img loading=\"lazy\" decoding=\"async\" width=\"768\" height=\"1024\" data-id=\"6835\" src=\"https:\/\/clorian.com\/wp-content\/uploads\/2024\/01\/Image_20240124_110750_594-768x1024.jpeg\" alt=\"\" class=\"wp-image-6835\" srcset=\"https:\/\/clorian.com\/wp-content\/uploads\/2024\/01\/Image_20240124_110750_594-768x1024.jpeg 768w, https:\/\/clorian.com\/wp-content\/uploads\/2024\/01\/Image_20240124_110750_594-225x300.jpeg 225w, https:\/\/clorian.com\/wp-content\/uploads\/2024\/01\/Image_20240124_110750_594-1152x1536.jpeg 1152w, https:\/\/clorian.com\/wp-content\/uploads\/2024\/01\/Image_20240124_110750_594-1536x2048.jpeg 1536w, https:\/\/clorian.com\/wp-content\/uploads\/2024\/01\/Image_20240124_110750_594-scaled.jpeg 1920w\" sizes=\"auto, (max-width: 768px) 100vw, 768px\" \/><\/figure>\n\n\n\n<figure class=\"wp-block-image size-large\"><img loading=\"lazy\" decoding=\"async\" width=\"768\" height=\"1024\" data-id=\"6841\" src=\"https:\/\/clorian.com\/wp-content\/uploads\/2024\/01\/Image_20240124_110423_469-768x1024.jpeg\" alt=\"\" class=\"wp-image-6841\" srcset=\"https:\/\/clorian.com\/wp-content\/uploads\/2024\/01\/Image_20240124_110423_469-768x1024.jpeg 768w, https:\/\/clorian.com\/wp-content\/uploads\/2024\/01\/Image_20240124_110423_469-225x300.jpeg 225w, https:\/\/clorian.com\/wp-content\/uploads\/2024\/01\/Image_20240124_110423_469-1152x1536.jpeg 1152w, https:\/\/clorian.com\/wp-content\/uploads\/2024\/01\/Image_20240124_110423_469-1536x2048.jpeg 1536w, https:\/\/clorian.com\/wp-content\/uploads\/2024\/01\/Image_20240124_110423_469-scaled.jpeg 1920w\" sizes=\"auto, (max-width: 768px) 100vw, 768px\" \/><\/figure>\n\n\n\n<figure class=\"wp-block-image size-large\"><img loading=\"lazy\" decoding=\"async\" width=\"1024\" height=\"768\" data-id=\"6823\" src=\"https:\/\/clorian.com\/wp-content\/uploads\/2024\/01\/Image_20240126_111454_904-1024x768.jpeg\" alt=\"\" class=\"wp-image-6823\" srcset=\"https:\/\/clorian.com\/wp-content\/uploads\/2024\/01\/Image_20240126_111454_904-1024x768.jpeg 1024w, https:\/\/clorian.com\/wp-content\/uploads\/2024\/01\/Image_20240126_111454_904-300x225.jpeg 300w, https:\/\/clorian.com\/wp-content\/uploads\/2024\/01\/Image_20240126_111454_904-768x576.jpeg 768w, https:\/\/clorian.com\/wp-content\/uploads\/2024\/01\/Image_20240126_111454_904-1536x1152.jpeg 1536w, https:\/\/clorian.com\/wp-content\/uploads\/2024\/01\/Image_20240126_111454_904.jpeg 2048w\" sizes=\"auto, (max-width: 1024px) 100vw, 1024px\" \/><figcaption class=\"wp-element-caption\">Imatges de Clorian a FITUR 2024<\/figcaption><\/figure>\n<\/figure>\n\n\n\n<p>Aquestes trobades ens van permetre generar sinergies amb noves oportunitats de negoci, evidenciant el seu inter\u00e8s en el coneixement dels nostres serveis com a plataforma integral de venda d&#8217;entrades i empresa de consultoria per a millorar el rendiment de recintes tur\u00edstics.<\/p>\n\n\n\n<p>A m\u00e9s d&#8217;aix\u00f2, Clorian va realitzar un taller pr\u00e0ctic impartit per un dels professionals de la plataforma, David Casany. La sessi\u00f3 es va realitzar el divendres 26 a les 10h i va comptar amb la participaci\u00f3 de diverses empreses que volien con\u00e8ixer m\u00e9s sobre la plataforma tecnol\u00f2gica i les m\u00faltiples possibilitats que ofereix.<\/p>\n\n\n\n<p>El taller portava per nom &#8216;Estrat\u00e8gies per a augmentar el tiquet mitj\u00e0 i per a maximitzar l&#8217;ocupaci\u00f3 en recintes tur\u00edstics i culturals&#8217; i va presentar les millors solucions per a millorar el rendiment dels recintes, mitjan\u00e7ant l&#8217;\u00fas de la plataforma de Clorian.<\/p>\n","protected":false},"excerpt":{"rendered":"<p>Clorian va tancar, un any m\u00e9s, la seva participaci\u00f3 a la Fira Internacional de Turisme (FITUR) que es va celebrar entre els dies 24 y 28 de gener al recinte firal d&#8217;IFEMA a Madrid. Com en edicions anterior, Clorian va estar present amb un stand&#8230;<\/p>\n","protected":false},"author":1,"featured_media":6818,"comment_status":"closed","ping_status":"closed","sticky":false,"template":"","format":"standard","meta":{"footnotes":""},"categories":[10],"tags":[214,234,235,236,216,237],"class_list":["post-6849","post","type-post","status-publish","format-standard","has-post-thumbnail","hentry","category-novetats-clorian","tag-entradas-ca","tag-fitur-ca","tag-madrid-ca","tag-museo-ca","tag-ticketing-ca","tag-turismo-ca"],"_links":{"self":[{"href":"https:\/\/clorian.com\/ca\/wp-json\/wp\/v2\/posts\/6849","targetHints":{"allow":["GET"]}}],"collection":[{"href":"https:\/\/clorian.com\/ca\/wp-json\/wp\/v2\/posts"}],"about":[{"href":"https:\/\/clorian.com\/ca\/wp-json\/wp\/v2\/types\/post"}],"author":[{"embeddable":true,"href":"https:\/\/clorian.com\/ca\/wp-json\/wp\/v2\/users\/1"}],"replies":[{"embeddable":true,"href":"https:\/\/clorian.com\/ca\/wp-json\/wp\/v2\/comments?post=6849"}],"version-history":[{"count":1,"href":"https:\/\/clorian.com\/ca\/wp-json\/wp\/v2\/posts\/6849\/revisions"}],"predecessor-version":[{"id":6851,"href":"https:\/\/clorian.com\/ca\/wp-json\/wp\/v2\/posts\/6849\/revisions\/6851"}],"wp:featuredmedia":[{"embeddable":true,"href":"https:\/\/clorian.com\/ca\/wp-json\/wp\/v2\/media\/6818"}],"wp:attachment":[{"href":"https:\/\/clorian.com\/ca\/wp-json\/wp\/v2\/media?parent=6849"}],"wp:term":[{"taxonomy":"category","embeddable":true,"href":"https:\/\/clorian.com\/ca\/wp-json\/wp\/v2\/categories?post=6849"},{"taxonomy":"post_tag","embeddable":true,"href":"https:\/\/clorian.com\/ca\/wp-json\/wp\/v2\/tags?post=6849"}],"curies":[{"name":"wp","href":"https:\/\/api.w.org\/{rel}","templated":true}]}}