{"id":7935,"date":"2024-04-11T16:59:35","date_gmt":"2024-04-11T14:59:35","guid":{"rendered":"https:\/\/clorian.com\/puertas-abiertas-por-sant-jordi-2024-en-barcelona\/"},"modified":"2024-04-17T11:55:58","modified_gmt":"2024-04-17T09:55:58","slug":"portes-obertes-per-sant-jordi-2024-a-barcelona","status":"publish","type":"post","link":"https:\/\/clorian.com\/ca\/portes-obertes-per-sant-jordi-2024-a-barcelona\/","title":{"rendered":"Qu\u00e8 pots visitar gratis per Sant Jordi?"},"content":{"rendered":"\n<ul class=\"wp-block-list\">\n<li>Consulta els recintes de Barcelona que tindran l&#8217;entrada gratis o amb descompte el dia 23 d&#8217;abril, amb motiu de la diada de Sant Jordi 2024. <\/li>\n<\/ul>\n\n\n\n<div style=\"height:58px\" aria-hidden=\"true\" class=\"wp-block-spacer\"><\/div>\n\n\n\n<p>Van passant els dies i cada vegada queda menys per a celebrar la&nbsp;diada&nbsp;de Sant Jordi, un dels dies m\u00e9s especials que es poden viure a Barcelona. Per a commemorar aquest important dia,<strong> molts dels monuments de la ciutat comtal que treballen amb&nbsp;<\/strong><a href=\"http:\/\/clorian.com\/ca\/clients\" target=\"_blank\" rel=\"noreferrer noopener\"><strong>Clorian<\/strong>&nbsp;<\/a>tindran les seves portes obertes perqu\u00e8 qualsevol pugui accedir totalment gratis.<\/p>\n\n\n\n<h3 class=\"wp-block-heading\">Monuments amb l&#8217;entrada gratis el dia de Sant Jordi 2024<\/h3>\n\n\n\n<p>Alguns dels monuments que tindran entrada gratis per al 23 d&#8217;abril formen part de la fam\u00edlia&nbsp;<a href=\"http:\/\/clorian.com\/ca\" target=\"_blank\" rel=\"noreferrer noopener\">Clorian<\/a>. Aqu\u00ed t&#8217;explicarem quins s\u00f3n els monuments amb portes obertes i com fer-ho per a accedir sense pagar ni un euro.<\/p>\n\n\n\n<h3 class=\"wp-block-heading\">Entrada gratis per a la Sagrada&nbsp;Fam\u00edlia&nbsp;per a&nbsp;Jordis,&nbsp;Jorges&nbsp;i&nbsp;Jordines<\/h3>\n\n\n\n<p>Com cada any, la Sagrada&nbsp;Fam\u00edlia&nbsp;ha preparat una promoci\u00f3 especial per a aquells que celebrin el seu sant el dia de Sant Jordi 2024. Si et dius Jordi, Jorge,&nbsp;Jordina&nbsp;i derivats, podran entrar gratis per a visitar la Sagrada&nbsp;Fam\u00edlia&nbsp;en el seu horari habitual, de&nbsp;10h&nbsp;a&nbsp;19h.<\/p>\n\n\n\n<p>Per a poder gaudir d&#8217;aquesta promoci\u00f3, nom\u00e9s hauran d&#8217;anar als accessos del monument i presentar el DNI i gaudir d&#8217;un dels monuments m\u00e9s impactants en el m\u00f3n. Cal destacar que podran entrar tots all\u00f2 que es cridin Jordi en els diferents idiomes de l&#8217;audioguia de la Sagrada&nbsp;Fam\u00edlia.<\/p>\n\n\n\n<p>Si no et dius Jordi per\u00f2 vols visitar la Sagrada&nbsp;Fam\u00edlia, pots reservar les teves entrades<strong> <a href=\"http:\/\/tickets.sagradafamilia.org\/\" target=\"_blank\" rel=\"noreferrer noopener\">aqu\u00ed<\/a>. <\/strong><\/p>\n\n\n\n<div style=\"height:89px\" aria-hidden=\"true\" class=\"wp-block-spacer\"><\/div>\n\n\n<div class=\"wp-block-image\">\n<figure class=\"aligncenter size-full is-resized\"><img loading=\"lazy\" decoding=\"async\" width=\"1000\" height=\"667\" src=\"https:\/\/clorian.com\/wp-content\/uploads\/2024\/04\/image-1.png\" alt=\"\" class=\"wp-image-7915\" style=\"aspect-ratio:1.4992503748125936;width:592px;height:auto\" srcset=\"https:\/\/clorian.com\/wp-content\/uploads\/2024\/04\/image-1.png 1000w, https:\/\/clorian.com\/wp-content\/uploads\/2024\/04\/image-1-300x200.png 300w, https:\/\/clorian.com\/wp-content\/uploads\/2024\/04\/image-1-768x512.png 768w\" sizes=\"auto, (max-width: 1000px) 100vw, 1000px\" \/><figcaption class=\"wp-element-caption\">Recorregut de la visita a la Sagrada&nbsp;Fam\u00edlia&nbsp;| Sagrada&nbsp;Fam\u00edlia<\/figcaption><\/figure><\/div>\n\n\n<div style=\"height:78px\" aria-hidden=\"true\" class=\"wp-block-spacer\"><\/div>\n\n\n\n<h3 class=\"wp-block-heading\">Descomptes de fins a un 50% a Casa Museu&nbsp;Amatller<\/h3>\n\n\n\n<p>Casa Museu&nbsp;Amatller&nbsp;de&nbsp;Cases&nbsp;Singulars&nbsp;tamb\u00e9 s&#8217;uneix al dia de Sant Jordi amb <strong>un descompte de 50% en les visites guiades i les visites amb audioguia.<\/strong> Situada en ple Passeig de Gr\u00e0cia, \u00e9s un oportunitat \u00fanica per a visitar una de les cases museu que existeixen a Barcelona.<\/p>\n\n\n\n<p>Dissenyada al 1900 per l&#8217;arquitecte Josep Puig i Cadafalch, la Casa Museu Amatller \u00e9s un dels gran exemples del modernisme catal\u00e0. Actualment, conserva l&#8217;estat original de tot els seu mobiliari origianal i decoraci\u00f3 de l&#8217;\u00e8poca. Sense cap mena de dubte, la visita a la Casa Museu Amatller \u00e9s un aut\u00e8ntic viatge en el temps. <\/p>\n\n\n\n<p>Pots comprar les teves entrades a meitat de preu en aquest <a href=\"https:\/\/tickets.casessingulars.com\/es\/1272-casa-museu-amatller\"><strong>enlla\u00e7<\/strong><\/a>. <\/p>\n\n\n\n<h3 class=\"wp-block-heading\">Activitats per als m\u00e9s petits a la Pedrera per Sant Jordi 2024<\/h3>\n\n\n\n<p>La Pedrera, un altre dels monuments emblem\u00e0tics d&#8217;Antoni Gaud\u00ed, tamb\u00e9 s&#8217;apunta a la dia de Sant Jordi, per\u00f2 en aquest cas, han preparat <strong>una activitats especials per a nens<\/strong>. L&#8217;activitat consisteix a pintar un punt de llibre inspirat a la Casa Mil\u00e0, seguit d&#8217;una visita guiada preparada per a nens en els quals podran descobrir totes les refer\u00e8ncies al m\u00f3n vegetal que Gaud\u00ed va col\u00b7locar en cada rac\u00f3 de La Pedrera.<\/p>\n\n\n\n<p>L&#8217;activitat \u00e9s recomanada per a nens d&#8217;entre 5 i 10 anys (nom\u00e9s es far\u00e0 en catal\u00e0) i es realitzar\u00e0 el 20\/04, tres dies abans de Sant Jordi.<\/p>\n\n\n\n<p><br>Compra les teves entrades per al taller a la Pedrera en aquest&nbsp;<a href=\"https:\/\/tickets.lapedrera.com\/es\/29-individual\/6125-sant-jordi-ya-esta-aqui-taller-familiar\" target=\"_blank\" rel=\"noreferrer noopener\"><strong>enlla\u00e7<\/strong><\/a>. <\/p>\n\n\n\n<div style=\"height:60px\" aria-hidden=\"true\" class=\"wp-block-spacer\"><\/div>\n\n\n<div class=\"wp-block-image\">\n<figure class=\"aligncenter size-large is-resized\"><img loading=\"lazy\" decoding=\"async\" width=\"1024\" height=\"683\" src=\"https:\/\/clorian.com\/wp-content\/uploads\/2024\/04\/image-2-1024x683.png\" alt=\"\" class=\"wp-image-7925\" style=\"aspect-ratio:1.499267935578331;width:610px;height:auto\" srcset=\"https:\/\/clorian.com\/wp-content\/uploads\/2024\/04\/image-2-1024x683.png 1024w, https:\/\/clorian.com\/wp-content\/uploads\/2024\/04\/image-2-300x200.png 300w, https:\/\/clorian.com\/wp-content\/uploads\/2024\/04\/image-2-768x512.png 768w, https:\/\/clorian.com\/wp-content\/uploads\/2024\/04\/image-2-1536x1024.png 1536w, https:\/\/clorian.com\/wp-content\/uploads\/2024\/04\/image-2-2048x1365.png 2048w\" sizes=\"auto, (max-width: 1024px) 100vw, 1024px\" \/><figcaption class=\"wp-element-caption\">La Pedrera celebrar\u00e0 un activitat especial aquest Sant Jordi | La Pedrera<\/figcaption><\/figure><\/div>\n\n\n<div style=\"height:60px\" aria-hidden=\"true\" class=\"wp-block-spacer\"><\/div>\n\n\n\n<h3 class=\"wp-block-heading\">Mirador Torre Gl\u00f2ries posa un 2&#215;1 per a tots els Jordis<\/h3>\n\n\n\n<p>El Mirador Torre Gl\u00f2ries, el recinte amb les millor vistes de tot Barcelona, <strong>oferir\u00e0 entrades a 2&#215;1 per aquells que es diguin Jordi. <\/strong>En una promoci\u00f3 similar a la llen\u00e7ada per la Sagrada Fam\u00edlia, el Mirador Torre Gl\u00f2ries permetr\u00e0 gaudir d&#8217;unes vistes 360 de tot Barcelona per a tots aquells que es diguin Jordi, Jorge, George, o tots els seus derivats en la resta d&#8217;idiomes. <\/p>\n\n\n\n<p>Per poder gaudir de la promoci\u00f3 haur\u00e0s de mostrar el DNI i comprar les entrades, sense necessitat de reserva pr\u00e8via. A m\u00e9s, a peu de carrer, qualsevol visitant podr\u00e0 fotografiar-se en un photocall especialment dissenyat per a la diada. <\/p>\n\n\n\n<p>Els descomptes no nom\u00e9s els trobaras a la visita, sin\u00f3 que el 23 d&#8217;abril podras gaudir d&#8217;un descompte del 10% en la compra de qualsevol llibre a la botiga del Mirador Torre Gl\u00f2ries. <\/p>\n\n\n<div class=\"wp-block-image\">\n<figure class=\"aligncenter size-full is-resized\"><img loading=\"lazy\" decoding=\"async\" width=\"935\" height=\"624\" src=\"https:\/\/clorian.com\/wp-content\/uploads\/2024\/04\/image-3.png\" alt=\"\" class=\"wp-image-7943\" style=\"aspect-ratio:1.498397435897436;width:586px;height:auto\" srcset=\"https:\/\/clorian.com\/wp-content\/uploads\/2024\/04\/image-3.png 935w, https:\/\/clorian.com\/wp-content\/uploads\/2024\/04\/image-3-300x200.png 300w, https:\/\/clorian.com\/wp-content\/uploads\/2024\/04\/image-3-768x513.png 768w\" sizes=\"auto, (max-width: 935px) 100vw, 935px\" \/><figcaption class=\"wp-element-caption\">Decoraci\u00f3 floral del photocall per Sant Jordi | Mirador Torre Gl\u00f2ries<\/figcaption><\/figure><\/div>\n\n\n<p>Si, a banda del dia de Sant Jordi, vols gaudir de les vistes del Mirador Torre Gl\u00f2ries, pots comprar les teves entrades a trav\u00e9s d&#8217;aquest <a href=\"https:\/\/tickets.miradortorreglories.com\/\" target=\"_blank\" rel=\"noreferrer noopener\"><strong>enlla\u00e7<\/strong><\/a>.<\/p>\n\n\n\n<h3 class=\"wp-block-heading\">Palau de la M\u00fasica Catalana ofereix la visita Ruta de les Flors<\/h3>\n\n\n\n<p>El Palau de la M\u00fasica Catalana oferir\u00e0 una visita mai vista en el recinte. En honor al dia de Sant Jordi en el qual la rosa \u00e9s la protagonista, el Palau dedicar\u00e0 una visita guiada pel recinte per a descobrir la m\u00e9s de 2.000 que decoren el Palau i amb un simbologia especial.<\/p>\n\n\n\n<p>Gaudeix d&#8217;aquesta visita especial entre el 20 i 28 d&#8217;abril, comprant les teves entrades en aquest <strong><a href=\"https:\/\/www.palaumusica.cat\/ca\/visites\/ruta-de-les-flors_1299877\">enlla\u00e7<\/a><\/strong>.<\/p>\n","protected":false},"excerpt":{"rendered":"<p>Consulta els recintes de Barcelona que tindran l&#8217;entrada gratis o amb descompte el dia 23 d&#8217;abril, amb motiu de la diada de Sant Jordi 2024. Van passant els dies i cada vegada queda menys per a celebrar la&nbsp;diada&nbsp;de Sant Jordi, un dels dies m\u00e9s especials&#8230;<\/p>\n","protected":false},"author":1,"featured_media":7902,"comment_status":"closed","ping_status":"closed","sticky":false,"template":"","format":"standard","meta":{"footnotes":""},"categories":[10],"tags":[470,213,214,173,583,584,424,277],"class_list":["post-7935","post","type-post","status-publish","format-standard","has-post-thumbnail","hentry","category-novetats-clorian","tag-barcelona-2","tag-clorian-ca","tag-entradas-ca","tag-entrades-2","tag-gratis-ca","tag-sant-jordi-ca","tag-software-ca","tag-tickets-ca"],"_links":{"self":[{"href":"https:\/\/clorian.com\/ca\/wp-json\/wp\/v2\/posts\/7935","targetHints":{"allow":["GET"]}}],"collection":[{"href":"https:\/\/clorian.com\/ca\/wp-json\/wp\/v2\/posts"}],"about":[{"href":"https:\/\/clorian.com\/ca\/wp-json\/wp\/v2\/types\/post"}],"author":[{"embeddable":true,"href":"https:\/\/clorian.com\/ca\/wp-json\/wp\/v2\/users\/1"}],"replies":[{"embeddable":true,"href":"https:\/\/clorian.com\/ca\/wp-json\/wp\/v2\/comments?post=7935"}],"version-history":[{"count":4,"href":"https:\/\/clorian.com\/ca\/wp-json\/wp\/v2\/posts\/7935\/revisions"}],"predecessor-version":[{"id":7953,"href":"https:\/\/clorian.com\/ca\/wp-json\/wp\/v2\/posts\/7935\/revisions\/7953"}],"wp:featuredmedia":[{"embeddable":true,"href":"https:\/\/clorian.com\/ca\/wp-json\/wp\/v2\/media\/7902"}],"wp:attachment":[{"href":"https:\/\/clorian.com\/ca\/wp-json\/wp\/v2\/media?parent=7935"}],"wp:term":[{"taxonomy":"category","embeddable":true,"href":"https:\/\/clorian.com\/ca\/wp-json\/wp\/v2\/categories?post=7935"},{"taxonomy":"post_tag","embeddable":true,"href":"https:\/\/clorian.com\/ca\/wp-json\/wp\/v2\/tags?post=7935"}],"curies":[{"name":"wp","href":"https:\/\/api.w.org\/{rel}","templated":true}]}}