{"id":8089,"date":"2024-05-07T15:27:48","date_gmt":"2024-05-07T13:27:48","guid":{"rendered":"https:\/\/clorian.com\/que-espacios-puedes-visitar-entrada-gratis-por-la-noche-de-los-museos\/"},"modified":"2024-05-07T16:34:28","modified_gmt":"2024-05-07T14:34:28","slug":"quins-espais-pots-visitar-entrada-gratis-per-la-nit-de-els-museus","status":"publish","type":"post","link":"https:\/\/clorian.com\/ca\/quins-espais-pots-visitar-entrada-gratis-per-la-nit-de-els-museus\/","title":{"rendered":"Quins espais pots visitar gratis el Dia Internacional dels Museus?"},"content":{"rendered":"\n<p>El mes de maig \u00e9s molt especial per a tots aquells seguidors de l&#8217;art i la cultura perqu\u00e8 es celebra el Dia Internacional dels Museus, una iniciativa europea en la qual nombrosos recintes tenen l&#8217;entrada gratuita i organitzwen activitats especials per a concienciar al visitant del paper clau dels museus i altres recintes culturals.<\/p>\n\n\n\n<p>Paral\u00b7lelament, a Barcelona es ceelbra la Nit dels Museus en la que els recintes participants obriran les seves portes durant la nit, oferint una experi\u00e8ncia \u00fanica de visitar aquests espais fins altes hores de la matinada. A m\u00e9s, alguns espais tamb\u00e9 ofereixen activitats exclusives per aquest dia, com concerts, tallers&#8230;<\/p>\n\n\n\n<p>A continuaci\u00f3, us adjuntem les activitats que realitzen tots els &#8216;recintes <a href=\"http:\/\/clorian.com\/ca\">Clorian<\/a>&#8216;:<\/p>\n\n\n\n<p><\/p>\n\n\n\n<div style=\"height:83px\" aria-hidden=\"true\" class=\"wp-block-spacer\"><\/div>\n\n\n\n<h3 class=\"wp-block-heading\">Visita amb entrada gratis el Mirador torre Gl\u00f2ries<\/h3>\n\n\n\n<p>El recinte amb les millors vistes Barcelona obrir\u00e0 les seves portes durant la nit del 18 de maig, des les 19 h fins la 1 h de la matinada. Es tracta d&#8217;un moment molt especial per al Mirador, ja que ser\u00e0 una de les poques vegades que es podr\u00e0 visitar de nit, gaudint d&#8217;unes vistes nocturnes increibles. <\/p>\n\n\n\n<p>L&#8217;entrada \u00e9s gratis i l&#8217;acc\u00e9s al p\u00fablic anir\u00e0 per ordre d&#8217;arribada, aix\u00ed que dona&#8217;t pressa si no et vols perdre aquesta nit \u00fanica. <\/p>\n\n\n\n<div style=\"height:77px\" aria-hidden=\"true\" class=\"wp-block-spacer\"><\/div>\n\n\n<div class=\"wp-block-image\">\n<figure class=\"aligncenter size-large is-resized\"><img decoding=\"async\" src=\"https:\/\/img.europapress.es\/fotoweb\/fotonoticia_20170628224314_1200.jpg\" alt=\"\" style=\"aspect-ratio:1.5;width:605px;height:auto\"\/><figcaption class=\"wp-element-caption\">El Mirador torre Gl\u00f2ries il\u00b7luminat per l&#8217;aniversari de l&#8217;orgull LGTBI<\/figcaption><\/figure><\/div>\n\n\n<div style=\"height:64px\" aria-hidden=\"true\" class=\"wp-block-spacer\"><\/div>\n\n\n\n<h3 class=\"wp-block-heading\">Entrada gratis pel Museu de l&#8217;Art Prohibit<\/h3>\n\n\n\n<p>El Museu de l&#8217;Art Prohibit tamb\u00e9 s&#8217;unir\u00e0 a la celebraci\u00f3 de la Nit dels Museus a Barcelona. Per aquesta ocasi\u00f3, el museu permetr\u00e0 l&#8217;acc\u00e9s gratuit des de les 20 h fins la 1 h de la matinada. Tot i que per poder accedir, ser\u00e0 neccessari reservar pr\u00e8viament a trav\u00e9s d&#8217;aquest <a href=\"https:\/\/tickets.museuartprohibit.org\/es\/960-entradas\/8064-la-nit-dels-museus\" target=\"_blank\" rel=\"noreferrer noopener\">enlla\u00e7<\/a>. Sense dubte, \u00e9s el millor moment per visitar aquest museu tan singular. <\/p>\n\n\n\n<h3 class=\"wp-block-heading\">Paga la teva entrada a meitat de preu en el Palau de Ll\u00edria<\/h3>\n\n\n\n<p>El Dia Internacional dels Museus \u00e9s un dia molt especial per a tots els recintes art\u00edstics i culturals, no solament els museus. En aquest sentit, el Palau de Ll\u00edria tamb\u00e9 ha posat a la venda promocions exclusives per al dia 18 de maig.<\/p>\n\n\n\n<p>Tots els productes del Palacio de Liria tindran un 50% de descompte, ja disponible a trav\u00e9s del canal de venta online. Els productes en q\u00fcesti\u00f3 s\u00f3n: <a href=\"https:\/\/entradas.palaciodeliria.com\/es\/584-permanente\/3311-visita-audioguiada\" target=\"_blank\" rel=\"noreferrer noopener\">visita audioguiada<\/a>, <a href=\"https:\/\/entradas.palaciodeliria.com\/es\/584-permanente\/4930-visita-guiada\" target=\"_blank\" rel=\"noreferrer noopener\">visita guiada<\/a> i visita a l&#8217;<a href=\"https:\/\/entradas.palaciodeliria.com\/es\/584-permanente\/7713-exposicion-un-nuevo-mundo\" target=\"_blank\" rel=\"noreferrer noopener\">exposici\u00f3 &#8220;Un nuevo mundo&#8221;<\/a><\/p>\n\n\n\n<h3 class=\"wp-block-heading\">Visita amb entrada gratis el Museo Guggenheim de Bilbao<\/h3>\n\n\n\n<p>Un dels museus de refer\u00e8ncia del pa\u00eds tamb\u00e9 s&#8217;uneix a la celebraci\u00f3 del Dia Internacional del Museu. Es tracta del Museu\u00a0Guggenheim\u00a0que obrir\u00e0 les seves portes al p\u00fablic de manera gratu\u00efta durant tot el dia 18 de maig.<\/p>\n\n\n\n<p>Aquesta promoci\u00f3 nom\u00e9s est\u00e0 disponible mitjan\u00e7ant el canal en l\u00ednia, a partir del 13 de maig a les 9 h per a Seguidors i a partir del 14 de maig a les 9 h per al p\u00fablic general.<\/p>\n\n\n\n<p>Reserva les teves entrades a trav\u00e9s d&#8217;aquest <a href=\"https:\/\/tickets.guggenheim-bilbao.eus\/es\/369-entradas\/2940-entrada-museo\" target=\"_blank\" rel=\"noreferrer noopener\">enlla\u00e7 <\/a>a partir de la data establerta.  <\/p>\n\n\n\n<div style=\"height:70px\" aria-hidden=\"true\" class=\"wp-block-spacer\"><\/div>\n\n\n<div class=\"wp-block-image\">\n<figure class=\"aligncenter size-large is-resized\"><img decoding=\"async\" src=\"https:\/\/cms.guggenheim-bilbao.eus\/uploads\/2019\/03\/Torre-2-b.jpg\" alt=\"\" style=\"aspect-ratio:1.3556263269639066;width:540px;height:auto\"\/><figcaption class=\"wp-element-caption\">El Museo Guggenheim il\u00b7luminat durant la nit<\/figcaption><\/figure><\/div>\n\n\n<div style=\"height:55px\" aria-hidden=\"true\" class=\"wp-block-spacer\"><\/div>\n\n\n\n<h3 class=\"wp-block-heading\">Concerts gratis en el Museu Nacional Reina Sofia el 17 de maig<\/h3>\n\n\n\n<p>El Dia Internacional dels Museus \u00e9s una data de celebraci\u00f3 per a tots els recintes. Alguns, opten per obrir les seves portes a tot el p\u00fablic, mentre que uns altres realitzen activitats especials. Aquest \u00e9s el cas del Museu Nacional Reina Sofia que, amb la col\u00b7laboraci\u00f3 de\u00a0Radio3, ha organitzat m\u00e9s de 50 concerts en la Pla\u00e7a de l&#8217;Edifici Nouvel i el Jard\u00ed de l&#8217;Edifici\u00a0Sabatini.<\/p>\n\n\n\n<p>El concert comptar\u00e0 amb m\u00e9s de\u00a017h\u00a0ininterrompudes, des de les 7 h fins a les\u00a024h\u00a0de la nit i comptar\u00e0 amb l&#8217;actuaci\u00f3 d&#8217;artistes com Mar\u00eda Jos\u00e9\u00a0Llergo,\u00a0Xoel\u00a0L\u00f3pez, Mala Rodr\u00edguez, Mar\u00eda\u00a0Pel\u00e1e, El Gronxador Assass\u00ed,\u00a0Anni\u00a0B\u00a0Sweet, La Ben Volguda i Els Estanys, entre altres.<\/p>\n\n\n\n<p>Consulta tota la informaci\u00f3 de l&#8217;acte a aquest <a href=\"https:\/\/www.rtve.es\/radio\/20240430\/conciertos-dia-de-los-museos\/16082304.shtml\" target=\"_blank\" rel=\"noreferrer noopener\">enlla\u00e7.<\/a> <\/p>\n","protected":false},"excerpt":{"rendered":"<p>El mes de maig \u00e9s molt especial per a tots aquells seguidors de l&#8217;art i la cultura perqu\u00e8 es celebra el Dia Internacional dels Museus, una iniciativa europea en la qual nombrosos recintes tenen l&#8217;entrada gratuita i organitzwen activitats especials per a concienciar al visitant&#8230;<\/p>\n","protected":false},"author":1,"featured_media":8091,"comment_status":"closed","ping_status":"closed","sticky":false,"template":"","format":"standard","meta":{"footnotes":""},"categories":[196,10],"tags":[578,640,213,641,645,642,235,236,189,644,643,216],"class_list":["post-8089","post","type-post","status-publish","format-standard","has-post-thumbnail","hentry","category-clients-clorian","category-novetats-clorian","tag-barcelona-ca","tag-bilbao-ca","tag-clorian-ca","tag-dia-internacional-del-los-museos-ca","tag-dia-internacional-dels-museus","tag-entrada-ca","tag-madrid-ca","tag-museo-ca","tag-museu-3","tag-nit-dels-museus","tag-noche-de-los-museos-ca","tag-ticketing-ca"],"_links":{"self":[{"href":"https:\/\/clorian.com\/ca\/wp-json\/wp\/v2\/posts\/8089","targetHints":{"allow":["GET"]}}],"collection":[{"href":"https:\/\/clorian.com\/ca\/wp-json\/wp\/v2\/posts"}],"about":[{"href":"https:\/\/clorian.com\/ca\/wp-json\/wp\/v2\/types\/post"}],"author":[{"embeddable":true,"href":"https:\/\/clorian.com\/ca\/wp-json\/wp\/v2\/users\/1"}],"replies":[{"embeddable":true,"href":"https:\/\/clorian.com\/ca\/wp-json\/wp\/v2\/comments?post=8089"}],"version-history":[{"count":1,"href":"https:\/\/clorian.com\/ca\/wp-json\/wp\/v2\/posts\/8089\/revisions"}],"predecessor-version":[{"id":8097,"href":"https:\/\/clorian.com\/ca\/wp-json\/wp\/v2\/posts\/8089\/revisions\/8097"}],"wp:featuredmedia":[{"embeddable":true,"href":"https:\/\/clorian.com\/ca\/wp-json\/wp\/v2\/media\/8091"}],"wp:attachment":[{"href":"https:\/\/clorian.com\/ca\/wp-json\/wp\/v2\/media?parent=8089"}],"wp:term":[{"taxonomy":"category","embeddable":true,"href":"https:\/\/clorian.com\/ca\/wp-json\/wp\/v2\/categories?post=8089"},{"taxonomy":"post_tag","embeddable":true,"href":"https:\/\/clorian.com\/ca\/wp-json\/wp\/v2\/tags?post=8089"}],"curies":[{"name":"wp","href":"https:\/\/api.w.org\/{rel}","templated":true}]}}