{"id":7112,"date":"2024-01-10T17:40:20","date_gmt":"2024-01-10T15:40:20","guid":{"rendered":"https:\/\/clorian.com\/museo-chillida-leku-celebra-el-centenario-de-eduardo-chillida\/"},"modified":"2024-02-12T16:45:15","modified_gmt":"2024-02-12T14:45:15","slug":"chillida-leku-celebre-100e-anniversaire-eduardo-chillida","status":"publish","type":"post","link":"https:\/\/clorian.com\/fr\/chillida-leku-celebre-100e-anniversaire-eduardo-chillida\/","title":{"rendered":"Le mus\u00e9e Chillida Leku c\u00e9l\u00e8bre le 100e anniversaire d&#8217;Eduardo Chillida"},"content":{"rendered":"\n<ul class=\"wp-block-list\">\n<li>Ce 10 janvier marque le 100e anniversaire de la naissance de l&#8217;artiste Eduardo Chillida.<\/li>\n\n\n\n<li>La Fondation Eduardo Chillida a pr\u00e9par\u00e9 un vaste programme pour c\u00e9l\u00e9brer le centenaire.<\/li>\n\n\n\n<li>Le gouvernement espagnol a d\u00e9cern\u00e9 la m\u00e9daille d&#8217;or du m\u00e9rite des beaux-arts au mus\u00e9e Chillida Leku.<\/li>\n\n\n\n<li>Achetez vos billets ici et ne manquez pas cette collection unique.<\/li>\n<\/ul>\n\n\n\n<p><strong><a data-type=\"link\" data-id=\"https:\/\/www.museochillidaleku.com\/museo\/eduardo-chillida-100-anos\/\" href=\"https:\/\/www.museochillidaleku.com\/museo\/eduardo-chillida-100-anos\/\" target=\"_blank\" rel=\"noreferrer noopener\">Eduardo Chillida<\/a> <\/strong>a 100 ans et pour le c\u00e9l\u00e9brer, la fondation qui porte son nom a pr\u00e9par\u00e9 une s\u00e9rie d&#8217;expositions et d&#8217;activit\u00e9s pour reconna\u00eetre le travail de <strong>l&#8217;un des artistes espagnols les plus universels et les plus influents du XXe si\u00e8cle<\/strong>.<\/p>\n\n\n\n<p>Sous le nom de<strong> &#8220;Eduardo Chillida 100. Lieu de rencontre&#8221;<\/strong>, la fondation promouvra un programme d&#8217;expositions, de musique, d&#8217;\u00e9ducation, de r\u00e9flexion et de c\u00e9l\u00e9bration dans diff\u00e9rents pays afin de rapprocher les cr\u00e9ations d&#8217;Eduardo Chillida de tous ceux qui l&#8217;ont suivi. Cependant, le mus\u00e9e<strong><a href=\"https:\/\/www.museochillidaleku.com\/fr\/\" target=\"_blank\" rel=\"noreferrer noopener\"> Chillida Leku <\/a>sera l&#8217;\u00e9picentre de toutes les c\u00e9l\u00e9brations.<\/strong> Les 13 et 14 janvier, le mus\u00e9e organise un week-end portes ouvertes pour permettre au public de mieux conna\u00eetre l&#8217;\u0153uvre de l&#8217;artiste.<\/p>\n\n\n\n<p>En outre, tout au long du week-end, de<strong>s activit\u00e9s seront propos\u00e9es \u00e0 tous les publics<\/strong>, telles que des visites guid\u00e9es du mus\u00e9e, un atelier d&#8217;art familial avec Maushaus et des visites guid\u00e9es de l&#8217;exposition temporaire Maeght Universe.<\/p>\n\n\n\n<p><\/p>\n\n\n\n<figure class=\"wp-block-gallery has-nested-images columns-default is-cropped wp-block-gallery-1 is-layout-flex wp-block-gallery-is-layout-flex\">\n<figure class=\"wp-block-image size-large\"><img loading=\"lazy\" decoding=\"async\" width=\"1024\" height=\"421\" data-id=\"6406\" src=\"https:\/\/clorian.com\/wp-content\/uploads\/2024\/01\/01_1976_013_catala-roca-ruido-alargada-1024x421.jpg\" alt=\"\" class=\"wp-image-6406\" srcset=\"https:\/\/clorian.com\/wp-content\/uploads\/2024\/01\/01_1976_013_catala-roca-ruido-alargada-1024x421.jpg 1024w, https:\/\/clorian.com\/wp-content\/uploads\/2024\/01\/01_1976_013_catala-roca-ruido-alargada-300x123.jpg 300w, https:\/\/clorian.com\/wp-content\/uploads\/2024\/01\/01_1976_013_catala-roca-ruido-alargada-768x316.jpg 768w, https:\/\/clorian.com\/wp-content\/uploads\/2024\/01\/01_1976_013_catala-roca-ruido-alargada.jpg 1500w\" sizes=\"auto, (max-width: 1024px) 100vw, 1024px\" \/><\/figure>\n\n\n\n<figure class=\"wp-block-image size-large\"><img loading=\"lazy\" decoding=\"async\" width=\"1024\" height=\"689\" data-id=\"6436\" src=\"https:\/\/clorian.com\/wp-content\/uploads\/2024\/01\/captura_de_pantalla_2022-12-01_a_las_13_41_46-2-1024x689.png\" alt=\"\" class=\"wp-image-6436\" srcset=\"https:\/\/clorian.com\/wp-content\/uploads\/2024\/01\/captura_de_pantalla_2022-12-01_a_las_13_41_46-2-1024x689.png 1024w, https:\/\/clorian.com\/wp-content\/uploads\/2024\/01\/captura_de_pantalla_2022-12-01_a_las_13_41_46-2-300x202.png 300w, https:\/\/clorian.com\/wp-content\/uploads\/2024\/01\/captura_de_pantalla_2022-12-01_a_las_13_41_46-2-768x516.png 768w, https:\/\/clorian.com\/wp-content\/uploads\/2024\/01\/captura_de_pantalla_2022-12-01_a_las_13_41_46-2.png 1200w\" sizes=\"auto, (max-width: 1024px) 100vw, 1024px\" \/><\/figure>\n\n\n\n<figure class=\"wp-block-image size-large\"><img loading=\"lazy\" decoding=\"async\" width=\"1024\" height=\"683\" data-id=\"6445\" src=\"https:\/\/clorian.com\/wp-content\/uploads\/2024\/01\/pag_8_nko_6867_cortar-si-necesario-1-1024x683.jpg\" alt=\"\" class=\"wp-image-6445\" srcset=\"https:\/\/clorian.com\/wp-content\/uploads\/2024\/01\/pag_8_nko_6867_cortar-si-necesario-1-1024x683.jpg 1024w, https:\/\/clorian.com\/wp-content\/uploads\/2024\/01\/pag_8_nko_6867_cortar-si-necesario-1-300x200.jpg 300w, https:\/\/clorian.com\/wp-content\/uploads\/2024\/01\/pag_8_nko_6867_cortar-si-necesario-1-768x513.jpg 768w, https:\/\/clorian.com\/wp-content\/uploads\/2024\/01\/pag_8_nko_6867_cortar-si-necesario-1.jpg 1500w\" sizes=\"auto, (max-width: 1024px) 100vw, 1024px\" \/><\/figure>\n<\/figure>\n\n\n\n<h3 class=\"wp-block-heading\">Chillida Leku c\u00e9l\u00e8bre le centenaire d&#8217;Eduardo Chillida avec un week-end d\u00e9di\u00e9 \u00e0 l&#8217;artiste<\/h3>\n\n\n\n<p>Le mus\u00e9e Eduardo Chillida proposera diff\u00e9rentes activit\u00e9s permettant aux familles de d\u00e9couvrir l&#8217;\u0153uvre de Chillida. Les activit\u00e9s les plus remarquables sont les suivantes :<\/p>\n\n\n\n<h4 class=\"wp-block-heading\"><strong>Les amis de Chillida &#8211; Chillida et Calder<\/strong><\/h4>\n\n\n\n<p>Atelier d&#8217;art et d&#8217;architecture qui cherchera des m\u00e9thodes pour transmettre les concepts de l&#8217;\u0153uvre d&#8217;Eduardo Chillida. \u00c0 l&#8217;aide de mat\u00e9riaux simples, l<strong>es participants comprendront l&#8217;\u0153uvre d&#8217;Alexander Calder et sa relation avec l&#8217;\u00e9quilibre, la ligne dans l&#8217;espace et le mouvement <\/strong>de la sculpture, des concepts qu&#8217;il partage avec Chillida.<\/p>\n\n\n\n<p><strong>Horaire <\/strong>: samedi et dimanche \u00e0 11 heures.<\/p>\n\n\n\n<p><\/p>\n\n\n\n<p>Achetez des billets pour l&#8217;activit\u00e9 &#8220;Les amis de Chillida &#8211; Chillida et Calder&#8221; via la plateforme de billetterie Clorian en cliquant sur ce lien.<\/p>\n\n\n\n<h4 class=\"wp-block-heading\"><strong>Visites guid\u00e9es gratuites<\/strong><\/h4>\n\n\n\n<p>Visite guid\u00e9e du mus\u00e9e Chillida Leku, qui comprend une partie de l&#8217;espace abritant<strong> 40 sculptures cr\u00e9\u00e9es par Eduardo Chillida<\/strong>. Les visiteurs pourront \u00e9galement visiter la ferme <strong>Zabalaga<\/strong>, restaur\u00e9e par l&#8217;artiste.<\/p>\n\n\n\n<p><strong>Horaires <\/strong>: visite en espagnol \u00e0 10h30 et 12h30 et visite en basque \u00e0 11h30 et 13h30.<\/p>\n\n\n\n<p>Vous pouvez acheter vos<strong> billets gratuits<\/strong> ici.<\/p>\n\n\n\n<p>Outre ces activit\u00e9s sp\u00e9ciales, le Museu Chillida Leku propose \u00e9galement d&#8217;autres activit\u00e9s tout au long de l&#8217;ann\u00e9e. <strong>Consultez toutes les activit\u00e9s disponibles sur ce lien.<\/strong><\/p>\n\n\n\n<p><\/p>\n\n\n\n<figure class=\"wp-block-gallery has-nested-images columns-default is-cropped wp-block-gallery-2 is-layout-flex wp-block-gallery-is-layout-flex\">\n<figure class=\"wp-block-image size-large\"><img loading=\"lazy\" decoding=\"async\" width=\"600\" height=\"600\" data-id=\"6484\" src=\"https:\/\/clorian.com\/wp-content\/uploads\/2024\/01\/chillida_biografia_208-1.jpg\" alt=\"\" class=\"wp-image-6484\" srcset=\"https:\/\/clorian.com\/wp-content\/uploads\/2024\/01\/chillida_biografia_208-1.jpg 600w, https:\/\/clorian.com\/wp-content\/uploads\/2024\/01\/chillida_biografia_208-1-300x300.jpg 300w, https:\/\/clorian.com\/wp-content\/uploads\/2024\/01\/chillida_biografia_208-1-150x150.jpg 150w\" sizes=\"auto, (max-width: 600px) 100vw, 600px\" \/><\/figure>\n\n\n\n<figure class=\"wp-block-image size-large\"><img loading=\"lazy\" decoding=\"async\" width=\"1024\" height=\"621\" data-id=\"6490\" src=\"https:\/\/clorian.com\/wp-content\/uploads\/2024\/01\/e_chillida_su_estudio_de_hernani_1956-2-1-1024x621.jpeg\" alt=\"\" class=\"wp-image-6490\" srcset=\"https:\/\/clorian.com\/wp-content\/uploads\/2024\/01\/e_chillida_su_estudio_de_hernani_1956-2-1-1024x621.jpeg 1024w, https:\/\/clorian.com\/wp-content\/uploads\/2024\/01\/e_chillida_su_estudio_de_hernani_1956-2-1-300x182.jpeg 300w, https:\/\/clorian.com\/wp-content\/uploads\/2024\/01\/e_chillida_su_estudio_de_hernani_1956-2-1-768x465.jpeg 768w, https:\/\/clorian.com\/wp-content\/uploads\/2024\/01\/e_chillida_su_estudio_de_hernani_1956-2-1-1536x931.jpeg 1536w, https:\/\/clorian.com\/wp-content\/uploads\/2024\/01\/e_chillida_su_estudio_de_hernani_1956-2-1.jpeg 1800w\" sizes=\"auto, (max-width: 1024px) 100vw, 1024px\" \/><\/figure>\n\n\n\n<figure class=\"wp-block-image size-large\"><img loading=\"lazy\" decoding=\"async\" width=\"1024\" height=\"576\" data-id=\"6496\" src=\"https:\/\/clorian.com\/wp-content\/uploads\/2024\/01\/home02-1-1024x576.jpg\" alt=\"\" class=\"wp-image-6496\" srcset=\"https:\/\/clorian.com\/wp-content\/uploads\/2024\/01\/home02-1-1024x576.jpg 1024w, https:\/\/clorian.com\/wp-content\/uploads\/2024\/01\/home02-1-300x169.jpg 300w, https:\/\/clorian.com\/wp-content\/uploads\/2024\/01\/home02-1-768x432.jpg 768w, https:\/\/clorian.com\/wp-content\/uploads\/2024\/01\/home02-1-1536x864.jpg 1536w, https:\/\/clorian.com\/wp-content\/uploads\/2024\/01\/home02-1-1200x675.jpg 1200w, https:\/\/clorian.com\/wp-content\/uploads\/2024\/01\/home02-1.jpg 1920w\" sizes=\"auto, (max-width: 1024px) 100vw, 1024px\" \/><\/figure>\n<\/figure>\n\n\n\n<h3 class=\"wp-block-heading\">Chillida Leku, m\u00e9daille d&#8217;or du m\u00e9rite des beaux-arts<\/h3>\n\n\n\n<p>Le mardi 9 janvier dernier, le <strong>Conseil des ministres espagnol <\/strong>a d\u00e9sign\u00e9 le mus\u00e9e Chillida Leku comme l&#8217;une des institutions culturelles \u00e0 qui sera d\u00e9cern\u00e9e la M\u00e9daille d&#8217;or du m\u00e9rite des beaux-arts 2023.<\/p>\n\n\n\n<p>Cette reconnaissance vise \u00e0 mettre en valeur <strong>Chillida Leku <\/strong>en tant que mus\u00e9e unique, lui-m\u00eame une \u0153uvre d&#8217;art, o\u00f9 la fusion entre l&#8217;art et la nature se produit naturellement.<\/p>\n\n\n\n<h3 class=\"wp-block-heading\">Clorian, la premi\u00e8re plateforme de billetterie avec le mus\u00e9e Chillida Leku<\/h3>\n\n\n\n<p>Le <a href=\"https:\/\/tickets.museochillidaleku.com\/?lang=ES\"><strong>Museo Chillida Leku<\/strong><\/a> g\u00e8re les visites avec<strong>\u00a0<a href=\"https:\/\/clorian.com\/fr\/\">Clorian\u00a0<\/a><\/strong>et poursuit des objectifs ambitieux tels que l&#8217;augmentation notable du nombre de billets en ligne ainsi qu&#8217;une plus grande efficacit\u00e9 op\u00e9rationnelle dans la <strong>gestion interne <\/strong>et les <strong>canaux de distribution<\/strong> destin\u00e9s au secteur touristique (agences, h\u00f4tels, guides, etc.).<\/p>\n\n\n\n<p><strong>Clorian <\/strong>est fi\u00e8re de pouvoir collaborer avec des institutions de haut niveau culturel et <strong>r\u00e9affirme son engagement en faveur de la culture de notre pays.<\/strong><\/p>\n\n\n\n<p><\/p>\n\n\n\n<p><\/p>\n\n\n\n<p><\/p>\n\n\n\n<p><\/p>\n\n\n\n<p><\/p>\n\n\n\n<p> <\/p>\n","protected":false},"excerpt":{"rendered":"<p>Ce 10 janvier marque le 100e anniversaire de la naissance de l&#8217;artiste Eduardo Chillida. La Fondation Eduardo Chillida a pr\u00e9par\u00e9 un vaste programme pour c\u00e9l\u00e9brer le centenaire. Le gouvernement espagnol a d\u00e9cern\u00e9 la m\u00e9daille d&#8217;or du m\u00e9rite des beaux-arts au mus\u00e9e Chillida Leku. Achetez vos&#8230;<\/p>\n","protected":false},"author":1,"featured_media":6384,"comment_status":"closed","ping_status":"closed","sticky":false,"template":"","format":"standard","meta":{"footnotes":""},"categories":[198,142],"tags":[258,259,218,219,222,223,224,327],"class_list":["post-7112","post","type-post","status-publish","format-standard","has-post-thumbnail","hentry","category-clients-clorian-fr","category-clorian-nouvelles","tag-chillida-leku-fr","tag-eduardo-chillida-fr","tag-entradas-fr","tag-exposicion-fr","tag-ticketing-fr","tag-tickets-fr","tag-tourism-fr","tag-venta-fr"],"_links":{"self":[{"href":"https:\/\/clorian.com\/fr\/wp-json\/wp\/v2\/posts\/7112","targetHints":{"allow":["GET"]}}],"collection":[{"href":"https:\/\/clorian.com\/fr\/wp-json\/wp\/v2\/posts"}],"about":[{"href":"https:\/\/clorian.com\/fr\/wp-json\/wp\/v2\/types\/post"}],"author":[{"embeddable":true,"href":"https:\/\/clorian.com\/fr\/wp-json\/wp\/v2\/users\/1"}],"replies":[{"embeddable":true,"href":"https:\/\/clorian.com\/fr\/wp-json\/wp\/v2\/comments?post=7112"}],"version-history":[{"count":1,"href":"https:\/\/clorian.com\/fr\/wp-json\/wp\/v2\/posts\/7112\/revisions"}],"predecessor-version":[{"id":7114,"href":"https:\/\/clorian.com\/fr\/wp-json\/wp\/v2\/posts\/7112\/revisions\/7114"}],"wp:featuredmedia":[{"embeddable":true,"href":"https:\/\/clorian.com\/fr\/wp-json\/wp\/v2\/media\/6384"}],"wp:attachment":[{"href":"https:\/\/clorian.com\/fr\/wp-json\/wp\/v2\/media?parent=7112"}],"wp:term":[{"taxonomy":"category","embeddable":true,"href":"https:\/\/clorian.com\/fr\/wp-json\/wp\/v2\/categories?post=7112"},{"taxonomy":"post_tag","embeddable":true,"href":"https:\/\/clorian.com\/fr\/wp-json\/wp\/v2\/tags?post=7112"}],"curies":[{"name":"wp","href":"https:\/\/api.w.org\/{rel}","templated":true}]}}